{"id":1435,"date":"2026-08-13T19:31:20","date_gmt":"2026-08-13T19:31:20","guid":{"rendered":"https:\/\/minkreativefamilie.dk\/?p=1435"},"modified":"2026-08-13T19:31:20","modified_gmt":"2026-08-13T19:31:20","slug":"velkommen-til-min-kreative-familie-historien-bag","status":"publish","type":"post","link":"https:\/\/minkreativefamilie.dk\/?p=1435","title":{"rendered":"Velkommen til Min Kreative Familie \u2013 historien bag"},"content":{"rendered":"\n<p class=\"wp-block-paragraph\"><strong>Af Tina<\/strong><\/p>\n\n\n\n<p class=\"wp-block-paragraph\">Jeg har altid elsket at skabe ting med mine h\u00e6nder.<\/p>\n\n\n\n<p class=\"wp-block-paragraph\">S\u00e5 l\u00e6nge jeg kan huske, har jeg haft kreative projekter mellem h\u00e6nderne. Jeg har strikket, syet, klippet, scrappet, dekoreret, restaureret \u2013 og sikkert ogs\u00e5 kastet mig over mange andre kreative projekter undervejs.<\/p>\n\n\n\n<p class=\"wp-block-paragraph\">Men kreativiteten fik en helt ny betydning, da jeg blev mor.<\/p>\n\n\n\n<h2 class=\"wp-block-heading\">Kreativitet blev til familietid<\/h2>\n\n\n\n<p class=\"wp-block-paragraph\">Da mine b\u00f8rn var sm\u00e5, begyndte jeg hurtigt at invitere dem med ind i den kreative verden. Min datter og jeg lavede sm\u00e5 projekter sammen, byggede slotte og skabte fantasidyr. Det handlede ikke s\u00e5 meget om, hvad vi skulle ende med \u2013 men om tiden sammen, id\u00e9erne og gl\u00e6den ved at skabe noget med vores egne h\u00e6nder.<\/p>\n\n\n\n<p class=\"wp-block-paragraph\">Da lilles\u00f8ster kom til, blev vores kreative univers endnu st\u00f8rre. Hun kom med nye id\u00e9er og lysten til at eksperimentere og bruge kreativiteten p\u00e5 helt andre m\u00e5der.<\/p>\n\n\n\n<p class=\"wp-block-paragraph\">Og s\u00e5 kom lillebror.<\/p>\n\n\n\n<p class=\"wp-block-paragraph\">Han havde selvf\u00f8lgelig sine egne id\u00e9er til, hvordan man skulle v\u00e6re kreativ \u2013 og s\u00e5dan har vi gennem \u00e5rene bev\u00e6get os vidt omkring i det kreative univers.<\/p>\n\n\n\n<p class=\"wp-block-paragraph\">Det har v\u00e6ret fantastisk at opleve, hvordan kreativiteten hele tiden forandrer sig, efterh\u00e5nden som b\u00f8rnene vokser. Og faktisk oplever jeg, at den kun bliver st\u00f8rre og mere sp\u00e6ndende med tiden.<\/p>\n\n\n\n<h2 class=\"wp-block-heading\">Kreativitet kan noget s\u00e6rligt<\/h2>\n\n\n\n<p class=\"wp-block-paragraph\">Jeg er uddannet p\u00e6dagog og har hele mit arbejdsliv arbejdet med mennesker \u2013 ofte mennesker, som har haft brug for lidt ekstra st\u00f8tte i livet.<\/p>\n\n\n\n<p class=\"wp-block-paragraph\">I en periode arbejdede jeg som v\u00e6rkstedsansvarlig p\u00e5 et kreativt v\u00e6rksted for mennesker i beskyttet besk\u00e6ftigelse. Her skabte vi produkter, som blev solgt i butikken, men altid med udgangspunkt i den enkeltes kompetencer, interesser og muligheder.<\/p>\n\n\n\n<p class=\"wp-block-paragraph\">Det var en helt s\u00e6rlig oplevelse.<\/p>\n\n\n\n<p class=\"wp-block-paragraph\">Jeg s\u00e5 mennesker vokse, n\u00e5r de fandt noget, de kunne fordybe sig i. Jeg s\u00e5 gl\u00e6den ved at skabe noget selv. Og jeg oplevede igen og igen den ro, der kan opst\u00e5, n\u00e5r man f\u00e5r lov til at forsvinde lidt ind i en kreativ proces.<\/p>\n\n\n\n<p class=\"wp-block-paragraph\">Det gjorde stort indtryk p\u00e5 mig.<\/p>\n\n\n\n<h2 class=\"wp-block-heading\">N\u00e5r h\u00e6nderne arbejder, f\u00e5r hovedet en pause<\/h2>\n\n\n\n<p class=\"wp-block-paragraph\">Jeg har en efteruddannelse i en metakognitiv tilgang, og gennem b\u00e5de mit arbejdsliv og mit eget liv er jeg blevet meget optaget af sammenh\u00e6ngen mellem kreativitet og mental trivsel.<\/p>\n\n\n\n<p class=\"wp-block-paragraph\">For mig handler kreativitet ikke om at v\u00e6re dygtig.<\/p>\n\n\n\n<p class=\"wp-block-paragraph\">Det handler heller ikke om, at det f\u00e6rdige resultat skal v\u00e6re perfekt.<\/p>\n\n\n\n<p class=\"wp-block-paragraph\">Det handler om processen.<\/p>\n\n\n\n<p class=\"wp-block-paragraph\">Om at sidde med noget mellem h\u00e6nderne. Om at fordybe sig. Om at pr\u00f8ve sig frem, lave fejl, f\u00e5 nye id\u00e9er og m\u00e5ske opdage, at man kan mere, end man troede.<\/p>\n\n\n\n<p class=\"wp-block-paragraph\">Og s\u00e5 handler det om f\u00e6llesskab.<\/p>\n\n\n\n<p class=\"wp-block-paragraph\">Jeg tror p\u00e5, at h\u00e5ndv\u00e6rk og h\u00e5ndarbejde kan noget s\u00e6rligt, n\u00e5r vi g\u00f8r det sammen med andre. Det kan give en pause fra hverdagen, skabe n\u00e6rv\u00e6r og give plads til b\u00e5de grin, fordybelse og gode samtaler.<\/p>\n\n\n\n<h2 class=\"wp-block-heading\">Derfor har jeg skabt Min Kreative Familie<\/h2>\n\n\n\n<p class=\"wp-block-paragraph\">Jeg har l\u00e6nge haft lyst til at dele gl\u00e6den ved kreativitet og fordybelse med andre.<\/p>\n\n\n\n<p class=\"wp-block-paragraph\">Derfor har jeg skabt <strong>Min Kreative Familie<\/strong>.<\/p>\n\n\n\n<p class=\"wp-block-paragraph\">Her vil jeg invitere b\u00f8rn, voksne og familier ind i et kreativt univers, hvor vi sammen kan udforske forskellige materialer, id\u00e9er og kreative processer.<\/p>\n\n\n\n<p class=\"wp-block-paragraph\">Jeg har allerede fundet p\u00e5 forskellige workshops og hold, men jeg vil ogs\u00e5 gerne h\u00f8re, hvad <strong>du<\/strong> kunne t\u00e6nke dig at pr\u00f8ve.<\/p>\n\n\n\n<p class=\"wp-block-paragraph\">M\u00e5ske har du en kreativ id\u00e9, som du gerne vil udforske sammen med andre?<\/p>\n\n\n\n<p class=\"wp-block-paragraph\">S\u00e5 tag endelig fat i mig. M\u00e5ske kan vi skabe noget helt nyt sammen.<\/p>\n\n\n\n<h2 class=\"wp-block-heading\">Kom og v\u00e6r med<\/h2>\n\n\n\n<p class=\"wp-block-paragraph\">Hos Min Kreative Familie holder vi forskellige workshops, hvor du kan f\u00e5 lov til at fordybe dig og udforske kreativiteten i dit eget tempo.<\/p>\n\n\n\n<p class=\"wp-block-paragraph\"><strong>Workshops skal bookes p\u00e5 forh\u00e5nd<\/strong>, s\u00e5 der er tid og plads til den enkelte og til det kreative f\u00e6llesskab.<\/p>\n\n\n\n<p class=\"wp-block-paragraph\">Du er ogs\u00e5 altid velkommen til at kigge forbi vores <strong>vejbod<\/strong> eller bes\u00f8ge vores <strong>shop<\/strong>, hvor du kan finde hjemmelavede og kreative ting.<\/p>\n\n\n\n<p class=\"wp-block-paragraph\">Jeg h\u00e5ber, du har lyst til at f\u00f8lge med i vores kreative univers \u2013 og m\u00e5ske en dag komme og v\u00e6re med.<\/p>\n\n\n\n<p class=\"wp-block-paragraph\">Jeg gl\u00e6der mig til at dykke ned i det kreative sammen med dig.<\/p>\n\n\n\n<p class=\"wp-block-paragraph\">K\u00e6rlig hilsen<br>Tina<br>Min Kreative Familie \u2764\ufe0f<\/p>\n","protected":false},"excerpt":{"rendered":"<p>Af Tina Jeg har altid elsket at skabe ting med mine h\u00e6nder. S\u00e5 l\u00e6nge jeg kan huske, har jeg haft kreative projekter mellem h\u00e6nderne. Jeg har strikket, syet, klippet, scrappet, dekoreret, restaureret \u2013 og sikkert ogs\u00e5 kastet mig over mange andre kreative projekter undervejs. Men kreativiteten fik en helt ny betydning, da jeg blev mor. [&hellip;]<\/p>\n","protected":false},"author":1,"featured_media":0,"comment_status":"open","ping_status":"closed","sticky":false,"template":"","format":"standard","meta":{"ocean_post_layout":"","ocean_both_sidebars_style":"","ocean_both_sidebars_content_width":0,"ocean_both_sidebars_sidebars_width":0,"ocean_sidebar":"","ocean_second_sidebar":"","ocean_disable_margins":"enable","ocean_add_body_class":"","ocean_shortcode_before_top_bar":"","ocean_shortcode_after_top_bar":"","ocean_shortcode_before_header":"","ocean_shortcode_after_header":"","ocean_has_shortcode":"","ocean_shortcode_after_title":"","ocean_shortcode_before_footer_widgets":"","ocean_shortcode_after_footer_widgets":"","ocean_shortcode_before_footer_bottom":"","ocean_shortcode_after_footer_bottom":"","ocean_display_top_bar":"default","ocean_display_header":"default","ocean_header_style":"","ocean_center_header_left_menu":"","ocean_custom_header_template":"","ocean_custom_logo":0,"ocean_custom_retina_logo":0,"ocean_custom_logo_max_width":0,"ocean_custom_logo_tablet_max_width":0,"ocean_custom_logo_mobile_max_width":0,"ocean_custom_logo_max_height":0,"ocean_custom_logo_tablet_max_height":0,"ocean_custom_logo_mobile_max_height":0,"ocean_header_custom_menu":"","ocean_menu_typo_font_family":"","ocean_menu_typo_font_subset":"","ocean_menu_typo_font_size":0,"ocean_menu_typo_font_size_tablet":0,"ocean_menu_typo_font_size_mobile":0,"ocean_menu_typo_font_size_unit":"px","ocean_menu_typo_font_weight":"","ocean_menu_typo_font_weight_tablet":"","ocean_menu_typo_font_weight_mobile":"","ocean_menu_typo_transform":"","ocean_menu_typo_transform_tablet":"","ocean_menu_typo_transform_mobile":"","ocean_menu_typo_line_height":0,"ocean_menu_typo_line_height_tablet":0,"ocean_menu_typo_line_height_mobile":0,"ocean_menu_typo_line_height_unit":"","ocean_menu_typo_spacing":0,"ocean_menu_typo_spacing_tablet":0,"ocean_menu_typo_spacing_mobile":0,"ocean_menu_typo_spacing_unit":"","ocean_menu_link_color":"","ocean_menu_link_color_hover":"","ocean_menu_link_color_active":"","ocean_menu_link_background":"","ocean_menu_link_hover_background":"","ocean_menu_link_active_background":"","ocean_menu_social_links_bg":"","ocean_menu_social_hover_links_bg":"","ocean_menu_social_links_color":"","ocean_menu_social_hover_links_color":"","ocean_disable_title":"default","ocean_disable_heading":"default","ocean_post_title":"","ocean_post_subheading":"","ocean_post_title_style":"","ocean_post_title_background_color":"","ocean_post_title_background":0,"ocean_post_title_bg_image_position":"","ocean_post_title_bg_image_attachment":"","ocean_post_title_bg_image_repeat":"","ocean_post_title_bg_image_size":"","ocean_post_title_height":0,"ocean_post_title_bg_overlay":0.5,"ocean_post_title_bg_overlay_color":"","ocean_disable_breadcrumbs":"default","ocean_breadcrumbs_color":"","ocean_breadcrumbs_separator_color":"","ocean_breadcrumbs_links_color":"","ocean_breadcrumbs_links_hover_color":"","ocean_display_footer_widgets":"default","ocean_display_footer_bottom":"default","ocean_custom_footer_template":"","ocean_post_oembed":"","ocean_post_self_hosted_media":"","ocean_post_video_embed":"","ocean_link_format":"","ocean_link_format_target":"self","ocean_quote_format":"","ocean_quote_format_link":"post","ocean_gallery_link_images":"on","ocean_gallery_id":[],"footnotes":""},"categories":[1],"tags":[],"class_list":["post-1435","post","type-post","status-publish","format-standard","hentry","category-uncategorized","entry"],"_links":{"self":[{"href":"https:\/\/minkreativefamilie.dk\/index.php?rest_route=\/wp\/v2\/posts\/1435","targetHints":{"allow":["GET"]}}],"collection":[{"href":"https:\/\/minkreativefamilie.dk\/index.php?rest_route=\/wp\/v2\/posts"}],"about":[{"href":"https:\/\/minkreativefamilie.dk\/index.php?rest_route=\/wp\/v2\/types\/post"}],"author":[{"embeddable":true,"href":"https:\/\/minkreativefamilie.dk\/index.php?rest_route=\/wp\/v2\/users\/1"}],"replies":[{"embeddable":true,"href":"https:\/\/minkreativefamilie.dk\/index.php?rest_route=%2Fwp%2Fv2%2Fcomments&post=1435"}],"version-history":[{"count":1,"href":"https:\/\/minkreativefamilie.dk\/index.php?rest_route=\/wp\/v2\/posts\/1435\/revisions"}],"predecessor-version":[{"id":1436,"href":"https:\/\/minkreativefamilie.dk\/index.php?rest_route=\/wp\/v2\/posts\/1435\/revisions\/1436"}],"wp:attachment":[{"href":"https:\/\/minkreativefamilie.dk\/index.php?rest_route=%2Fwp%2Fv2%2Fmedia&parent=1435"}],"wp:term":[{"taxonomy":"category","embeddable":true,"href":"https:\/\/minkreativefamilie.dk\/index.php?rest_route=%2Fwp%2Fv2%2Fcategories&post=1435"},{"taxonomy":"post_tag","embeddable":true,"href":"https:\/\/minkreativefamilie.dk\/index.php?rest_route=%2Fwp%2Fv2%2Ftags&post=1435"}],"curies":[{"name":"wp","href":"https:\/\/api.w.org\/{rel}","templated":true}]}}